{"id":52,"date":"2025-05-12T12:00:00","date_gmt":"2025-05-12T15:00:00","guid":{"rendered":"https:\/\/palaciodosveiculosblog.com\/?p=52"},"modified":"2025-05-13T12:33:49","modified_gmt":"2025-05-13T15:33:49","slug":"novo-mercedes-gle-agora-e-hibrido-com-motor-diesel-e-parte-dos-r-729-900","status":"publish","type":"post","link":"https:\/\/palaciodosveiculosblog.com\/?p=52","title":{"rendered":"Vale a Pena Comprar um Carro El\u00e9trico em 2025? Descubra Agora"},"content":{"rendered":"\n<p>Os carros el\u00e9tricos est\u00e3o deixando de ser uma tend\u00eancia do futuro e virando uma realidade no presente. Mas ser\u00e1 que <strong>vale a pena comprar um carro el\u00e9trico em 2025<\/strong>?<\/p>\n\n\n\n<p>A resposta depende de alguns fatores. Vamos explicar de forma simples:<\/p>\n\n\n\n<hr class=\"wp-block-separator has-alpha-channel-opacity\"\/>\n\n\n\n<h3 class=\"wp-block-heading\">\u2705 <strong>Vantagens dos El\u00e9tricos em 2025<\/strong><\/h3>\n\n\n\n<ul class=\"wp-block-list\">\n<li><strong>Economia<\/strong>: o custo por quil\u00f4metro rodado com energia el\u00e9trica \u00e9 muito menor que com gasolina ou etanol.<\/li>\n\n\n\n<li><strong>Baixa manuten\u00e7\u00e3o<\/strong>: n\u00e3o precisam de \u00f3leo, correias ou escapamento.<\/li>\n\n\n\n<li><strong>Incentivos<\/strong>: isen\u00e7\u00e3o de IPVA em alguns estados e rod\u00edzio livre.<\/li>\n\n\n\n<li><strong>Tecnologia<\/strong>: modelos v\u00eam equipados com sistemas de seguran\u00e7a, conectividade e autonomia melhorada.<\/li>\n<\/ul>\n\n\n\n<hr class=\"wp-block-separator has-alpha-channel-opacity\"\/>\n\n\n\n<h3 class=\"wp-block-heading\">\u26a0\ufe0f <strong>Pontos de Aten\u00e7\u00e3o<\/strong><\/h3>\n\n\n\n<ul class=\"wp-block-list\">\n<li><strong>Pre\u00e7o<\/strong>: ainda mais caros que modelos a combust\u00e3o.<\/li>\n\n\n\n<li><strong>Infraestrutura<\/strong>: pontos de recarga ainda s\u00e3o escassos fora dos grandes centros.<\/li>\n\n\n\n<li><strong>Revis\u00e3o da bateria<\/strong>: pode exigir substitui\u00e7\u00e3o ap\u00f3s anos de uso, com custo elevado.<\/li>\n<\/ul>\n\n\n\n<hr class=\"wp-block-separator has-alpha-channel-opacity\"\/>\n\n\n\n<h3 class=\"wp-block-heading\">\ud83d\udd0d <strong>Conclus\u00e3o<\/strong><\/h3>\n\n\n\n<p>Se voc\u00ea mora em uma cidade com boa infraestrutura e busca um carro econ\u00f4mico e ecol\u00f3gico, <strong>vale muito a pena<\/strong> considerar um carro el\u00e9trico. Mas, se depende de viagens longas e tem or\u00e7amento limitado, o ideal pode ser esperar um pouco mais.<\/p>\n\n\n\n<hr class=\"wp-block-separator has-alpha-channel-opacity\"\/>\n\n\n\n<h3 class=\"wp-block-heading\">\ud83d\ude80 Dica Extra:<\/h3>\n\n\n\n<p>Modelos como o <strong>BYD Dolphin<\/strong>, <strong>Renault Kwid E-Tech<\/strong> e o <strong>Volvo EX30<\/strong> est\u00e3o entre os mais promissores de 2025.<\/p>\n","protected":false},"excerpt":{"rendered":"<p>Com a alta dos combust\u00edveis e incentivos ao transporte sustent\u00e1vel, os carros el\u00e9tricos ganham espa\u00e7o no Brasil. Veja se 2025 \u00e9 o ano ideal para investir em um modelo el\u00e9trico!<\/p>\n","protected":false},"author":1,"featured_media":64,"comment_status":"closed","ping_status":"closed","sticky":false,"template":"","format":"standard","meta":{"footnotes":""},"categories":[3,7],"tags":[],"class_list":["post-52","post","type-post","status-publish","format-standard","has-post-thumbnail","hentry","category-dicas","category-opniao","wpcat-3-id","wpcat-7-id"],"_links":{"self":[{"href":"https:\/\/palaciodosveiculosblog.com\/index.php?rest_route=\/wp\/v2\/posts\/52","targetHints":{"allow":["GET"]}}],"collection":[{"href":"https:\/\/palaciodosveiculosblog.com\/index.php?rest_route=\/wp\/v2\/posts"}],"about":[{"href":"https:\/\/palaciodosveiculosblog.com\/index.php?rest_route=\/wp\/v2\/types\/post"}],"author":[{"embeddable":true,"href":"https:\/\/palaciodosveiculosblog.com\/index.php?rest_route=\/wp\/v2\/users\/1"}],"replies":[{"embeddable":true,"href":"https:\/\/palaciodosveiculosblog.com\/index.php?rest_route=%2Fwp%2Fv2%2Fcomments&post=52"}],"version-history":[{"count":2,"href":"https:\/\/palaciodosveiculosblog.com\/index.php?rest_route=\/wp\/v2\/posts\/52\/revisions"}],"predecessor-version":[{"id":65,"href":"https:\/\/palaciodosveiculosblog.com\/index.php?rest_route=\/wp\/v2\/posts\/52\/revisions\/65"}],"wp:featuredmedia":[{"embeddable":true,"href":"https:\/\/palaciodosveiculosblog.com\/index.php?rest_route=\/wp\/v2\/media\/64"}],"wp:attachment":[{"href":"https:\/\/palaciodosveiculosblog.com\/index.php?rest_route=%2Fwp%2Fv2%2Fmedia&parent=52"}],"wp:term":[{"taxonomy":"category","embeddable":true,"href":"https:\/\/palaciodosveiculosblog.com\/index.php?rest_route=%2Fwp%2Fv2%2Fcategories&post=52"},{"taxonomy":"post_tag","embeddable":true,"href":"https:\/\/palaciodosveiculosblog.com\/index.php?rest_route=%2Fwp%2Fv2%2Ftags&post=52"}],"curies":[{"name":"wp","href":"https:\/\/api.w.org\/{rel}","templated":true}]}}