{"id":5,"date":"2025-03-10T12:50:00","date_gmt":"2025-03-10T15:50:00","guid":{"rendered":"https:\/\/palaciodosveiculosblog.com\/?p=5"},"modified":"2025-05-13T12:51:15","modified_gmt":"2025-05-13T15:51:15","slug":"nova-toyota-hilux-srx-plus-tem-melhorias-no-chassi-e-parte-dos-r-334-890","status":"publish","type":"post","link":"https:\/\/palaciodosveiculosblog.com\/?p=5","title":{"rendered":"Conhe\u00e7a a Pal\u00e1cio Autom\u00f3veis: Tradi\u00e7\u00e3o, Qualidade e Oportunidades em Campo Belo &#8211; MG"},"content":{"rendered":"\n<p>Comprar um carro \u00e9 mais do que adquirir um meio de transporte \u2014 \u00e9 realizar um sonho. E para que essa escolha seja segura e vantajosa, contar com uma loja de confian\u00e7a faz toda a diferen\u00e7a. A <strong>Pal\u00e1cio Autom\u00f3veis<\/strong>, localizada no cora\u00e7\u00e3o de <strong>Campo Belo &#8211; MG<\/strong>, \u00e9 a parceira ideal para quem busca ve\u00edculos de qualidade e um atendimento transparente.<\/p>\n\n\n\n<p>Com anos de atua\u00e7\u00e3o no mercado e reconhecida pela seriedade e compromisso com o cliente, a Pal\u00e1cio Autom\u00f3veis se destaca por oferecer:<\/p>\n\n\n\n<hr class=\"wp-block-separator has-alpha-channel-opacity\"\/>\n\n\n\n<h3 class=\"wp-block-heading\">\u2b50 <strong>O que voc\u00ea encontra na Pal\u00e1cio Autom\u00f3veis<\/strong><\/h3>\n\n\n\n<ul class=\"wp-block-list\">\n<li><strong>Ve\u00edculos de proced\u00eancia garantida:<\/strong> revisados e com documenta\u00e7\u00e3o em dia.<\/li>\n\n\n\n<li><strong>Pre\u00e7os acess\u00edveis e justos:<\/strong> carros populares, seminovos e at\u00e9 oportunidades abaixo da tabela.<\/li>\n\n\n\n<li><strong>Atendimento personalizado:<\/strong> equipe treinada para tirar d\u00favidas e facilitar a negocia\u00e7\u00e3o.<\/li>\n\n\n\n<li><strong>Facilidades no pagamento:<\/strong> op\u00e7\u00f5es de financiamento direto na loja.<\/li>\n<\/ul>\n\n\n\n<hr class=\"wp-block-separator has-alpha-channel-opacity\"\/>\n\n\n\n<h3 class=\"wp-block-heading\">\ud83d\udccd <strong>Endere\u00e7o da loja f\u00edsica:<\/strong><\/h3>\n\n\n\n<p>\ud83d\udccc Av. Afonso Pena, 451 \u2013 Centro<br>Campo Belo \u2013 MG | CEP: 37270-000<br>\ud83d\udcde Telefone: (35) 3832-2173<\/p>\n\n\n\n<p>Nome empresarial: <strong>Daiana Cristina Franca<\/strong><\/p>\n\n\n\n<hr class=\"wp-block-separator has-alpha-channel-opacity\"\/>\n\n\n\n<h3 class=\"wp-block-heading\">\ud83e\udded <strong>Por que comprar com a gente?<\/strong><\/h3>\n\n\n\n<p>Na Pal\u00e1cio Autom\u00f3veis, cada cliente \u00e9 tratado com respeito, transpar\u00eancia e dedica\u00e7\u00e3o. Nosso compromisso vai al\u00e9m da venda: queremos que voc\u00ea saia satisfeito, seguro e com o carro certo para seu dia a dia.<\/p>\n\n\n\n<p>Al\u00e9m disso, este blog que voc\u00ea est\u00e1 lendo \u2014 o <strong>Pal\u00e1cio dos Ve\u00edculos Blog<\/strong> \u2014 \u00e9 o canal oficial da nossa loja! Aqui voc\u00ea encontra dicas, novidades do mercado, tend\u00eancias e oportunidades em primeira m\u00e3o.<\/p>\n","protected":false},"excerpt":{"rendered":"<p>A Pal\u00e1cio Autom\u00f3veis \u00e9 refer\u00eancia em Campo Belo quando o assunto \u00e9 confian\u00e7a, variedade e pre\u00e7os justos em ve\u00edculos. Conhe\u00e7a a loja e veja por que \u00e9 o lugar certo para realizar um bom neg\u00f3cio!<\/p>\n","protected":false},"author":1,"featured_media":71,"comment_status":"closed","ping_status":"closed","sticky":true,"template":"","format":"standard","meta":{"footnotes":""},"categories":[3,2,7],"tags":[],"class_list":["post-5","post","type-post","status-publish","format-standard","has-post-thumbnail","hentry","category-dicas","category-novidades","category-opniao","wpcat-3-id","wpcat-2-id","wpcat-7-id"],"_links":{"self":[{"href":"https:\/\/palaciodosveiculosblog.com\/index.php?rest_route=\/wp\/v2\/posts\/5","targetHints":{"allow":["GET"]}}],"collection":[{"href":"https:\/\/palaciodosveiculosblog.com\/index.php?rest_route=\/wp\/v2\/posts"}],"about":[{"href":"https:\/\/palaciodosveiculosblog.com\/index.php?rest_route=\/wp\/v2\/types\/post"}],"author":[{"embeddable":true,"href":"https:\/\/palaciodosveiculosblog.com\/index.php?rest_route=\/wp\/v2\/users\/1"}],"replies":[{"embeddable":true,"href":"https:\/\/palaciodosveiculosblog.com\/index.php?rest_route=%2Fwp%2Fv2%2Fcomments&post=5"}],"version-history":[{"count":3,"href":"https:\/\/palaciodosveiculosblog.com\/index.php?rest_route=\/wp\/v2\/posts\/5\/revisions"}],"predecessor-version":[{"id":72,"href":"https:\/\/palaciodosveiculosblog.com\/index.php?rest_route=\/wp\/v2\/posts\/5\/revisions\/72"}],"wp:featuredmedia":[{"embeddable":true,"href":"https:\/\/palaciodosveiculosblog.com\/index.php?rest_route=\/wp\/v2\/media\/71"}],"wp:attachment":[{"href":"https:\/\/palaciodosveiculosblog.com\/index.php?rest_route=%2Fwp%2Fv2%2Fmedia&parent=5"}],"wp:term":[{"taxonomy":"category","embeddable":true,"href":"https:\/\/palaciodosveiculosblog.com\/index.php?rest_route=%2Fwp%2Fv2%2Fcategories&post=5"},{"taxonomy":"post_tag","embeddable":true,"href":"https:\/\/palaciodosveiculosblog.com\/index.php?rest_route=%2Fwp%2Fv2%2Ftags&post=5"}],"curies":[{"name":"wp","href":"https:\/\/api.w.org\/{rel}","templated":true}]}}